{"id":9615,"date":"2026-04-21T18:19:42","date_gmt":"2026-04-21T16:19:42","guid":{"rendered":"https:\/\/optimumsurfaces.com\/al-salone-del-mobile-2026-optimum-presenta-the-crystals\/"},"modified":"2026-08-26T14:06:18","modified_gmt":"2026-08-26T12:06:18","slug":"optimum-presenta-the-crystals-en-salone-del-mobile-2026","status":"publish","type":"post","link":"https:\/\/optimumsurfaces.com\/es\/optimum-presenta-the-crystals-en-salone-del-mobile-2026\/","title":{"rendered":"Optimum presenta The Crystals en Salone del Mobile 2026"},"content":{"rendered":"[vc_row type=&#8221;in_container&#8221; full_screen_row_position=&#8221;middle&#8221; column_margin=&#8221;default&#8221; column_direction=&#8221;default&#8221; column_direction_tablet=&#8221;default&#8221; column_direction_phone=&#8221;default&#8221; scene_position=&#8221;center&#8221; text_color=&#8221;dark&#8221; text_align=&#8221;left&#8221; row_border_radius=&#8221;none&#8221; row_border_radius_applies=&#8221;bg&#8221; overflow=&#8221;visible&#8221; overlay_strength=&#8221;0.3&#8243; gradient_direction=&#8221;left_to_right&#8221; shape_divider_position=&#8221;bottom&#8221; bg_image_animation=&#8221;none&#8221;][vc_column column_padding=&#8221;no-extra-padding&#8221; column_padding_tablet=&#8221;inherit&#8221; column_padding_phone=&#8221;inherit&#8221; column_padding_position=&#8221;all&#8221; column_element_direction_desktop=&#8221;default&#8221; column_element_spacing=&#8221;default&#8221; desktop_text_alignment=&#8221;default&#8221; tablet_text_alignment=&#8221;default&#8221; phone_text_alignment=&#8221;default&#8221; background_color_opacity=&#8221;1&#8243; background_hover_color_opacity=&#8221;1&#8243; column_backdrop_filter=&#8221;none&#8221; column_shadow=&#8221;none&#8221; column_border_radius=&#8221;none&#8221; column_link_target=&#8221;_self&#8221; column_position=&#8221;default&#8221; gradient_direction=&#8221;left_to_right&#8221; overlay_strength=&#8221;0.3&#8243; width=&#8221;1\/1&#8243; tablet_width_inherit=&#8221;default&#8221; animation_type=&#8221;default&#8221; bg_image_animation=&#8221;none&#8221; border_type=&#8221;simple&#8221; column_border_width=&#8221;none&#8221; column_border_style=&#8221;solid&#8221; column_padding_type=&#8221;default&#8221; gradient_type=&#8221;default&#8221;][vc_column_text css=&#8221;&#8221; text_direction=&#8221;default&#8221;]Hay superficies que reflejan la luz. Otras parecen custodiarla, dej\u00e1ndola emerger entre profundidades, transparencias y detalles.<\/p>\n<p><a href=\"https:\/\/optimumsurfaces.com\/es\/the-crystals\/\" target=\"_blank\" rel=\"noopener\"><strong>The Crystals by Optimum Surfaces<\/strong><\/a> es la c\u00e1psula inspirada en el <strong>cristal<\/strong>, nacida de este sutil equilibrio y capaz de traducirlo en una presencia luminosa, intensa y arquitect\u00f3nica. Un proyecto que interpreta la materia como un organismo vivo, atravesado por <strong>reflejos, tensiones internas y variaciones perceptivas<\/strong> que cambian con el espacio y con la mirada.<\/p>\n<p>Dentro de <strong>The Crystals<\/strong> conviven tres identidades distintas, cada una vinculada a un <strong>matiz diferente del blanco y de la luz<\/strong>. <a href=\"https:\/\/optimumsurfaces.com\/es\/?post_type=portfolio&amp;p=9234\" target=\"_blank\" rel=\"noopener\"><strong>Alba<\/strong><\/a> introduce la nota m\u00e1s <strong>envolvente<\/strong>, con una<strong> luminosidad c\u00e1lida<\/strong> y una<strong> profundidad suave<\/strong>, atravesada por delicadas transiciones y una presencia mat\u00e9rica equilibrada. <a href=\"https:\/\/optimumsurfaces.com\/es\/prodotti\/the-crystals-luce\/\" target=\"_blank\" rel=\"noopener\"><strong>Luce<\/strong><\/a> expresa su alma m\u00e1s <strong>esencial y et\u00e9rea<\/strong> a trav\u00e9s de una superficie <strong>limpia, pura y equilibrada<\/strong>, capaz de devolver el blanco en una forma n\u00edtida y refinada. <a href=\"https:\/\/optimumsurfaces.com\/es\/prodotti\/the-crystals-iride\/\" target=\"_blank\" rel=\"noopener\"><strong>Iride<\/strong><\/a> aporta a la c\u00e1psula la dimensi\u00f3n m\u00e1s<strong> intensa y escenogr\u00e1fica<\/strong>, entre <strong>geometr\u00edas luminosas, huellas cristalinas y relieves visuales<\/strong> que confieren a la superficie una fuerte energ\u00eda expresiva.[\/vc_column_text][divider line_type=&#8221;No Line&#8221; custom_height=&#8221;50&#8243;][vc_gallery css=&#8221;&#8221; type=&#8221;image_grid&#8221; images=&#8221;8861,8857,8853&#8243; image_grid_loading=&#8221;default&#8221; layout=&#8221;3&#8243; item_spacing=&#8221;default&#8221; gallery_style=&#8221;5&#8243; load_in_animation=&#8221;none&#8221; img_size=&#8221;400&#215;600&#8243;][divider line_type=&#8221;No Line&#8221; custom_height=&#8221;50&#8243;][\/vc_column][\/vc_row][vc_row type=&#8221;in_container&#8221; full_screen_row_position=&#8221;middle&#8221; column_margin=&#8221;default&#8221; column_direction=&#8221;default&#8221; column_direction_tablet=&#8221;default&#8221; column_direction_phone=&#8221;default&#8221; scene_position=&#8221;center&#8221; text_color=&#8221;dark&#8221; text_align=&#8221;left&#8221; row_border_radius=&#8221;none&#8221; row_border_radius_applies=&#8221;bg&#8221; overflow=&#8221;visible&#8221; overlay_strength=&#8221;0.3&#8243; gradient_direction=&#8221;left_to_right&#8221; shape_divider_position=&#8221;bottom&#8221; bg_image_animation=&#8221;none&#8221;][vc_column column_padding=&#8221;no-extra-padding&#8221; column_padding_tablet=&#8221;inherit&#8221; column_padding_phone=&#8221;inherit&#8221; column_padding_position=&#8221;all&#8221; column_element_direction_desktop=&#8221;default&#8221; column_element_spacing=&#8221;default&#8221; desktop_text_alignment=&#8221;default&#8221; tablet_text_alignment=&#8221;default&#8221; phone_text_alignment=&#8221;default&#8221; background_color_opacity=&#8221;1&#8243; background_hover_color_opacity=&#8221;1&#8243; column_backdrop_filter=&#8221;none&#8221; column_shadow=&#8221;none&#8221; column_border_radius=&#8221;none&#8221; column_link_target=&#8221;_self&#8221; column_position=&#8221;default&#8221; gradient_direction=&#8221;left_to_right&#8221; overlay_strength=&#8221;0.3&#8243; width=&#8221;1\/1&#8243; tablet_width_inherit=&#8221;default&#8221; animation_type=&#8221;default&#8221; bg_image_animation=&#8221;none&#8221; border_type=&#8221;simple&#8221; column_border_width=&#8221;none&#8221; column_border_style=&#8221;solid&#8221;][vc_column_text css=&#8221;&#8221; text_direction=&#8221;default&#8221;]\n<h3>The Crystals en Salone del Mobile 2026<\/h3>\n[\/vc_column_text][vc_column_text css=&#8221;&#8221; text_direction=&#8221;default&#8221;]En <strong>Salone del Mobile 2026 &#8211; Hall 1 &#8211; Stand B23<\/strong> &#8211; que se celebra <strong>del 21 al 26 de abril<\/strong>, presentamos esta visi\u00f3n dentro de un espacio inmersivo, donde la luz atraviesa las superficies, revela sus estratificaciones y transforma continuamente su percepci\u00f3n. El proyecto expositivo, desarrollado por el estudio<span data-olk-copy-source=\"MessageBody\">Marco Porpora Architetti,<\/span>ha sido concebido para recibir a los visitantes en un entorno que amplifica el car\u00e1cter de <a href=\"https:\/\/optimumsurfaces.com\/es\/the-crystals\/\" target=\"_blank\" rel=\"noopener\"><strong>The Crystals<\/strong><\/a> y transmite de forma inmediata su dimensi\u00f3n m\u00e1s mat\u00e9rica, luminosa y arquitect\u00f3nica.[\/vc_column_text][divider line_type=&#8221;No Line&#8221; custom_height=&#8221;50&#8243;][vc_gallery css=&#8221;&#8221; type=&#8221;image_grid&#8221; images=&#8221;8799,8807,8831&#8243; image_grid_loading=&#8221;default&#8221; layout=&#8221;3&#8243; item_spacing=&#8221;default&#8221; gallery_style=&#8221;5&#8243; load_in_animation=&#8221;none&#8221; img_size=&#8221;400&#215;600&#8243;][divider line_type=&#8221;No Line&#8221; custom_height=&#8221;50&#8243;][\/vc_column][\/vc_row][vc_row type=&#8221;in_container&#8221; full_screen_row_position=&#8221;middle&#8221; column_margin=&#8221;default&#8221; column_direction=&#8221;default&#8221; column_direction_tablet=&#8221;default&#8221; column_direction_phone=&#8221;default&#8221; scene_position=&#8221;center&#8221; text_color=&#8221;dark&#8221; text_align=&#8221;left&#8221; row_border_radius=&#8221;none&#8221; row_border_radius_applies=&#8221;bg&#8221; overflow=&#8221;visible&#8221; overlay_strength=&#8221;0.3&#8243; gradient_direction=&#8221;left_to_right&#8221; shape_divider_position=&#8221;bottom&#8221; bg_image_animation=&#8221;none&#8221;][vc_column column_padding=&#8221;no-extra-padding&#8221; column_padding_tablet=&#8221;inherit&#8221; column_padding_phone=&#8221;inherit&#8221; column_padding_position=&#8221;all&#8221; column_element_direction_desktop=&#8221;default&#8221; column_element_spacing=&#8221;default&#8221; desktop_text_alignment=&#8221;default&#8221; tablet_text_alignment=&#8221;default&#8221; phone_text_alignment=&#8221;default&#8221; background_color_opacity=&#8221;1&#8243; background_hover_color_opacity=&#8221;1&#8243; column_backdrop_filter=&#8221;none&#8221; column_shadow=&#8221;none&#8221; column_border_radius=&#8221;none&#8221; column_link_target=&#8221;_self&#8221; column_position=&#8221;default&#8221; gradient_direction=&#8221;left_to_right&#8221; overlay_strength=&#8221;0.3&#8243; width=&#8221;1\/1&#8243; tablet_width_inherit=&#8221;default&#8221; animation_type=&#8221;default&#8221; bg_image_animation=&#8221;none&#8221; border_type=&#8221;simple&#8221; column_border_width=&#8221;none&#8221; column_border_style=&#8221;solid&#8221;][vc_column_text css=&#8221;&#8221; text_direction=&#8221;default&#8221;]\n<h3>Un stand concebido como una experiencia mat\u00e9rica<\/h3>\n[\/vc_column_text][vc_column_text css=&#8221;&#8221; text_direction=&#8221;default&#8221;]En el espacio, pavimentos, revestimientos y mobiliario se fusionan en una visi\u00f3n unitaria, dise\u00f1ada para expresar toda la riqueza expresiva de la materia. Dentro del stand, el <a href=\"https:\/\/optimumsurfaces.com\/es\/placas-ceramicas\/\" target=\"_blank\" rel=\"noopener\"><strong>formato exclusivo 1840\u00d73300 mm<\/strong><\/a> se realza en toda su fuerza expresiva, revelando el potencial \u00fanico de nuestras placas: <strong>superficies proyectuales capaces de amplificar la continuidad visual, la espectacularidad y el impacto arquitect\u00f3nico<\/strong>. En el centro, grandes cristales suspendidos parecen flotar en el espacio y, en su interior, la luz se enciende y se difunde en el ambiente, generando reflejos iridiscentes que recorren las superficies y amplifican su profundidad, dise\u00f1o y car\u00e1cter.<\/p>\n<p>Es en este di\u00e1logo entre superficies, luminosidad y espacio donde <a href=\"https:\/\/optimumsurfaces.com\/es\/the-crystals\/\" target=\"_blank\" rel=\"noopener\"><strong>The Crystals<\/strong><\/a> revela con claridad su propio concepto.[\/vc_column_text][divider line_type=&#8221;No Line&#8221; custom_height=&#8221;50&#8243;][vc_gallery css=&#8221;&#8221; type=&#8221;image_grid&#8221; images=&#8221;8811,8815,8819&#8243; image_grid_loading=&#8221;default&#8221; layout=&#8221;3&#8243; item_spacing=&#8221;default&#8221; gallery_style=&#8221;5&#8243; load_in_animation=&#8221;none&#8221; img_size=&#8221;400&#215;600&#8243;][divider line_type=&#8221;No Line&#8221; custom_height=&#8221;50&#8243;][\/vc_column][\/vc_row][vc_row type=&#8221;in_container&#8221; full_screen_row_position=&#8221;middle&#8221; column_margin=&#8221;default&#8221; column_direction=&#8221;default&#8221; column_direction_tablet=&#8221;default&#8221; column_direction_phone=&#8221;default&#8221; scene_position=&#8221;center&#8221; text_color=&#8221;dark&#8221; text_align=&#8221;left&#8221; row_border_radius=&#8221;none&#8221; row_border_radius_applies=&#8221;bg&#8221; overflow=&#8221;visible&#8221; overlay_strength=&#8221;0.3&#8243; gradient_direction=&#8221;left_to_right&#8221; shape_divider_position=&#8221;bottom&#8221; bg_image_animation=&#8221;none&#8221;][vc_column column_padding=&#8221;no-extra-padding&#8221; column_padding_tablet=&#8221;inherit&#8221; column_padding_phone=&#8221;inherit&#8221; column_padding_position=&#8221;all&#8221; column_element_direction_desktop=&#8221;default&#8221; column_element_spacing=&#8221;default&#8221; desktop_text_alignment=&#8221;default&#8221; tablet_text_alignment=&#8221;default&#8221; phone_text_alignment=&#8221;default&#8221; background_color_opacity=&#8221;1&#8243; background_hover_color_opacity=&#8221;1&#8243; column_backdrop_filter=&#8221;none&#8221; column_shadow=&#8221;none&#8221; column_border_radius=&#8221;none&#8221; column_link_target=&#8221;_self&#8221; column_position=&#8221;default&#8221; gradient_direction=&#8221;left_to_right&#8221; overlay_strength=&#8221;0.3&#8243; width=&#8221;1\/1&#8243; tablet_width_inherit=&#8221;default&#8221; animation_type=&#8221;default&#8221; bg_image_animation=&#8221;none&#8221; border_type=&#8221;simple&#8221; column_border_width=&#8221;none&#8221; column_border_style=&#8221;solid&#8221;][vc_column_text css=&#8221;&#8221; text_direction=&#8221;default&#8221;]\n<h3>Un debut que contin\u00faa un camino de investigaci\u00f3n<\/h3>\n[\/vc_column_text][vc_column_text css=&#8221;&#8221; text_direction=&#8221;default&#8221;]<strong>The Crystals<\/strong> marca una nueva etapa en el recorrido de experimentaci\u00f3n de nuestra marca. Con <strong>Alba<\/strong>, <strong>Luce<\/strong> e <strong>Iride<\/strong>, queremos explorar la luz como una fuerza capaz de <strong>incidir, estratificar y definir<\/strong>, transformando esta sugerencia en una propuesta de fuerte presencia visual. El cristal se convierte as\u00ed en el punto de partida de una investigaci\u00f3n que observa la naturaleza en sus procesos m\u00e1s lentos y silenciosos, para devolver una imagen intensa, controlada y contempor\u00e1nea.[\/vc_column_text][divider line_type=&#8221;No Line&#8221; custom_height=&#8221;50&#8243;][vc_gallery css=&#8221;&#8221; type=&#8221;image_grid&#8221; images=&#8221;8803,8827,8823&#8243; image_grid_loading=&#8221;default&#8221; layout=&#8221;3&#8243; item_spacing=&#8221;default&#8221; gallery_style=&#8221;5&#8243; load_in_animation=&#8221;none&#8221; img_size=&#8221;400&#215;600&#8243;][divider line_type=&#8221;No Line&#8221; custom_height=&#8221;50&#8243;][vc_column_text css=&#8221;&#8221; text_direction=&#8221;default&#8221;]Una direcci\u00f3n que ampl\u00eda el lenguaje de Optimum Surfaces y refuerza su identidad a trav\u00e9s de una c\u00e1psula concebida para dejar una huella precisa en el espacio y en la memoria.<\/p>\n<p><strong>Del 21 al 26 de abril de 2026, en Fiera Milano Rho, Hall 1 \u2013 Stand B23, les esperamos para descubrir de cerca The Crystals<\/strong>[\/vc_column_text][\/vc_column][\/vc_row][vc_row type=&#8221;in_container&#8221; full_screen_row_position=&#8221;middle&#8221; column_margin=&#8221;default&#8221; column_direction=&#8221;default&#8221; column_direction_tablet=&#8221;default&#8221; column_direction_phone=&#8221;default&#8221; scene_position=&#8221;center&#8221; text_color=&#8221;dark&#8221; text_align=&#8221;left&#8221; row_border_radius=&#8221;none&#8221; row_border_radius_applies=&#8221;bg&#8221; overflow=&#8221;visible&#8221; id=&#8221;contact&#8221; overlay_strength=&#8221;0.3&#8243; gradient_direction=&#8221;left_to_right&#8221; shape_divider_position=&#8221;bottom&#8221; bg_image_animation=&#8221;none&#8221; gradient_type=&#8221;default&#8221; shape_type=&#8221;&#8221;][vc_column column_padding=&#8221;no-extra-padding&#8221; column_padding_tablet=&#8221;inherit&#8221; column_padding_phone=&#8221;inherit&#8221; column_padding_position=&#8221;all&#8221; column_element_direction_desktop=&#8221;default&#8221; column_element_spacing=&#8221;default&#8221; desktop_text_alignment=&#8221;default&#8221; tablet_text_alignment=&#8221;default&#8221; phone_text_alignment=&#8221;default&#8221; background_color_opacity=&#8221;1&#8243; background_hover_color_opacity=&#8221;1&#8243; column_backdrop_filter=&#8221;none&#8221; column_shadow=&#8221;none&#8221; column_border_radius=&#8221;none&#8221; column_link_target=&#8221;_self&#8221; column_position=&#8221;default&#8221; gradient_direction=&#8221;left_to_right&#8221; overlay_strength=&#8221;0.3&#8243; width=&#8221;1\/1&#8243; tablet_width_inherit=&#8221;default&#8221; animation_type=&#8221;default&#8221; bg_image_animation=&#8221;none&#8221; border_type=&#8221;simple&#8221; column_border_width=&#8221;none&#8221; column_border_style=&#8221;solid&#8221;][divider line_type=&#8221;No Line&#8221; custom_height=&#8221;120&#8243; custom_height_phone=&#8221;80&#8243;][vc_column_text css=&#8221;&#8221; text_direction=&#8221;default&#8221;]\n<h2>Cont\u00e1ctanos para m\u00e1s informaci\u00f3n<\/h2>\n[\/vc_column_text][divider line_type=&#8221;No Line&#8221; custom_height=&#8221;20&#8243;]\n<div class=\"wpcf7 no-js\" id=\"wpcf7-f10042-o1\" lang=\"es-ES\" dir=\"ltr\" data-wpcf7-id=\"10042\">\n<div class=\"screen-reader-response\"><p role=\"status\" aria-live=\"polite\" aria-atomic=\"true\"><\/p> <ul><\/ul><\/div>\n<form action=\"\/es\/wp-json\/wp\/v2\/posts\/9615#wpcf7-f10042-o1\" method=\"post\" class=\"wpcf7-form init\" aria-label=\"Formulario de contacto\" novalidate=\"novalidate\" data-status=\"init\">\n<fieldset class=\"hidden-fields-container\"><input type=\"hidden\" name=\"_wpcf7\" value=\"10042\" \/><input type=\"hidden\" name=\"_wpcf7_version\" value=\"6.1.6\" \/><input type=\"hidden\" name=\"_wpcf7_locale\" value=\"es_ES\" \/><input type=\"hidden\" name=\"_wpcf7_unit_tag\" value=\"wpcf7-f10042-o1\" \/><input type=\"hidden\" name=\"_wpcf7_container_post\" value=\"0\" \/><input type=\"hidden\" name=\"_wpcf7_posted_data_hash\" value=\"\" \/><input type=\"hidden\" name=\"_wpcf7cf_hidden_group_fields\" value=\"[]\" \/><input type=\"hidden\" name=\"_wpcf7cf_hidden_groups\" value=\"[]\" \/><input type=\"hidden\" name=\"_wpcf7cf_visible_groups\" value=\"[]\" \/><input type=\"hidden\" name=\"_wpcf7cf_repeaters\" value=\"[]\" \/><input type=\"hidden\" name=\"_wpcf7cf_steps\" value=\"{}\" \/><input type=\"hidden\" name=\"_wpcf7cf_options\" value=\"{&quot;form_id&quot;:10042,&quot;conditions&quot;:[],&quot;settings&quot;:{&quot;animation&quot;:&quot;yes&quot;,&quot;animation_intime&quot;:200,&quot;animation_outtime&quot;:200,&quot;conditions_ui&quot;:&quot;normal&quot;,&quot;notice_dismissed&quot;:false,&quot;repeater_remove_button&quot;:&quot;bottom&quot;,&quot;notice_dismissed_update-cf7-5.8.6&quot;:true}}\" \/><input type=\"hidden\" name=\"_wpcf7_recaptcha_response\" value=\"\" \/>\n<\/fieldset>\n<div id=\"frm_contatti_generico\">\n\t<div data-column-margin=\"60px\" class=\"wpb_row vc_row-fluid vc_row inner_row\">\n\t\t<div class=\"row_col_wrap_12_inner col span_12  left\">\n\t\t\t<div class=\"vc_col-sm-6 wpb_column column_container vc_column_container col child_column no-extra-padding inherit_tablet inherit_phone\"\n            data-padding-pos=\"all\">\n\t\t\t\t<div class=\"vc_column-inner\">\n\t\t\t\t\t<div class=\"wpb_wrapper\">\n\t\t\t\t\t\t<p><label> <span class=\"wpcf7-form-control-wrap\" data-name=\"mc4wp-FNAME\"><input size=\"40\" maxlength=\"400\" class=\"wpcf7-form-control wpcf7-text wpcf7-validates-as-required\" aria-required=\"true\" aria-invalid=\"false\" placeholder=\"Nombre *\" value=\"\" type=\"text\" name=\"mc4wp-FNAME\" \/><\/span> <\/label>\n\t\t\t\t\t\t<\/p>\n\t\t\t\t\t<\/div>\n\t\t\t\t<\/div>\n\t\t\t<\/div>\n\t\t\t<div class=\"vc_col-sm-6 wpb_column column_container vc_column_container col child_column no-extra-padding inherit_tablet inherit_phone\"\n            data-padding-pos=\"all\">\n\t\t\t\t<div class=\"vc_column-inner\">\n\t\t\t\t\t<div class=\"wpb_wrapper\">\n\t\t\t\t\t\t<p><label> <span class=\"wpcf7-form-control-wrap\" data-name=\"mc4wp-LNAME\"><input size=\"40\" maxlength=\"400\" class=\"wpcf7-form-control wpcf7-text wpcf7-validates-as-required\" aria-required=\"true\" aria-invalid=\"false\" placeholder=\"Apellido *\" value=\"\" type=\"text\" name=\"mc4wp-LNAME\" \/><\/span> <\/label>\n\t\t\t\t\t\t<\/p>\n\t\t\t\t\t<\/div>\n\t\t\t\t<\/div>\n\t\t\t<\/div>\n\t\t<\/div>\n\t<\/div>\n\t<div data-column-margin=\"60px\" class=\"wpb_row vc_row-fluid vc_row inner_row contatti\">\n\t\t<div class=\"row_col_wrap_12_inner col span_12  left\">\n\t\t\t<div class=\"vc_col-sm-6 wpb_column column_container vc_column_container col child_column no-extra-padding inherit_tablet inherit_phone\"\n            data-padding-pos=\"all\">\n\t\t\t\t<div class=\"vc_column-inner\">\n\t\t\t\t\t<div class=\"wpb_wrapper\">\n\t\t\t\t\t\t<p><label> <span class=\"wpcf7-form-control-wrap\" data-name=\"azienda\"><input size=\"40\" maxlength=\"400\" class=\"wpcf7-form-control wpcf7-text\" aria-invalid=\"false\" placeholder=\"Empresa\" value=\"\" type=\"text\" name=\"azienda\" \/><\/span><\/label>\n\t\t\t\t\t\t<\/p>\n\t\t\t\t\t<\/div>\n\t\t\t\t<\/div>\n\t\t\t<\/div>\n\t\t\t<div class=\"vc_col-sm-6 wpb_column column_container vc_column_container col child_column no-extra-padding inherit_tablet inherit_phone\"\n            data-padding-pos=\"all\">\n\t\t\t\t<div class=\"vc_column-inner\">\n\t\t\t\t\t<div class=\"wpb_wrapper\">\n\t\t\t\t\t\t<p><label> <span class=\"wpcf7-form-control-wrap\" data-name=\"professione\"><select class=\"wpcf7-form-control wpcf7-select wpcf7-validates-as-required\" aria-required=\"true\" aria-invalid=\"false\" name=\"professione\"><option value=\"\">Selecciona la profesi\u00f3n *<\/option><option value=\"Arquitecto\">Arquitecto<\/option><option value=\"Designer\">Designer<\/option><option value=\"Marmolista \/ Distribuidor\">Marmolista \/ Distribuidor<\/option><option value=\"Fabricator\">Fabricator<\/option><option value=\"Tienda de mobiliario\">Tienda de mobiliario<\/option><option value=\"General contractor\">General contractor<\/option><option value=\"Particular\">Particular<\/option><option value=\"Otro\">Otro<\/option><\/select><\/span> <\/label>\n\t\t\t\t\t\t<\/p>\n\t\t\t\t\t<\/div>\n\t\t\t\t<\/div>\n\t\t\t<\/div>\n\t\t<\/div>\n\t<\/div>\n\t<div data-column-margin=\"60px\" class=\"wpb_row vc_row-fluid vc_row inner_row contatti\">\n\t\t<div class=\"row_col_wrap_12_inner col span_12  left\">\n\t\t\t<div class=\"vc_col-sm-6 wpb_column column_container vc_column_container col child_column no-extra-padding inherit_tablet inherit_phone\"\n            data-padding-pos=\"all\">\n\t\t\t\t<div class=\"vc_column-inner\">\n\t\t\t\t\t<div class=\"wpb_wrapper\">\n\t\t\t\t\t\t<p><label> <span class=\"wpcf7-form-control-wrap\" data-name=\"cap\"><input size=\"40\" maxlength=\"400\" class=\"wpcf7-form-control wpcf7-text wpcf7-validates-as-required\" aria-required=\"true\" aria-invalid=\"false\" placeholder=\"C\u00f3digo postal *\" value=\"\" type=\"text\" name=\"cap\" \/><\/span><\/label>\n\t\t\t\t\t\t<\/p>\n\t\t\t\t\t<\/div>\n\t\t\t\t<\/div>\n\t\t\t<\/div>\n\t\t\t<div class=\"vc_col-sm-6 wpb_column column_container vc_column_container col child_column no-extra-padding inherit_tablet inherit_phone\"\n            data-padding-pos=\"all\">\n\t\t\t\t<div class=\"vc_column-inner\">\n\t\t\t\t\t<div class=\"wpb_wrapper\">\n\t\t\t\t\t\t<p><label> <span class=\"wpcf7-form-control-wrap\" data-name=\"nazione\"><input size=\"40\" maxlength=\"400\" class=\"wpcf7-form-control wpcf7-text wpcf7-validates-as-required\" aria-required=\"true\" aria-invalid=\"false\" placeholder=\"Pa\u00eds *\" value=\"\" type=\"text\" name=\"nazione\" \/><\/span><\/label>\n\t\t\t\t\t\t<\/p>\n\t\t\t\t\t<\/div>\n\t\t\t\t<\/div>\n\t\t\t<\/div>\n\t\t<\/div>\n\t<\/div>\n\t<div data-column-margin=\"60px\" class=\"wpb_row vc_row-fluid vc_row inner_row contatti\">\n\t\t<div class=\"row_col_wrap_12_inner col span_12  left\">\n\t\t\t<div class=\"vc_col-sm-6 wpb_column column_container vc_column_container col child_column no-extra-padding inherit_tablet inherit_phone\"\n            data-padding-pos=\"all\">\n\t\t\t\t<div class=\"vc_column-inner\">\n\t\t\t\t\t<div class=\"wpb_wrapper\">\n\t\t\t\t\t\t<p><label> <span class=\"wpcf7-form-control-wrap\" data-name=\"mc4wp-EMAIL\"><input size=\"40\" maxlength=\"400\" class=\"wpcf7-form-control wpcf7-email wpcf7-validates-as-required wpcf7-text wpcf7-validates-as-email\" aria-required=\"true\" aria-invalid=\"false\" placeholder=\"Correo electr\u00f3nico *\" value=\"\" type=\"email\" name=\"mc4wp-EMAIL\" \/><\/span><\/label>\n\t\t\t\t\t\t<\/p>\n\t\t\t\t\t<\/div>\n\t\t\t\t<\/div>\n\t\t\t<\/div>\n\t\t\t<div class=\"vc_col-sm-6 wpb_column column_container vc_column_container col child_column no-extra-padding inherit_tablet inherit_phone\"\n            data-padding-pos=\"all\">\n\t\t\t\t<div class=\"vc_column-inner\">\n\t\t\t\t\t<div class=\"wpb_wrapper\">\n\t\t\t\t\t\t<p><label> <span class=\"wpcf7-form-control-wrap\" data-name=\"p-iva\"><input size=\"40\" maxlength=\"400\" class=\"wpcf7-form-control wpcf7-text wpcf7-validates-as-required\" aria-required=\"true\" aria-invalid=\"false\" placeholder=\"RFC *\" value=\"\" type=\"text\" name=\"p-iva\" \/><\/span><\/label>\n\t\t\t\t\t\t<\/p>\n\t\t\t\t\t<\/div>\n\t\t\t\t<\/div>\n\t\t\t<\/div>\n\t\t<\/div>\n\t<\/div>\n\t<div data-column-margin=\"60px\" class=\"wpb_row vc_row-fluid vc_row inner_row contatti\">\n\t\t<div class=\"row_col_wrap_12_inner col span_12  left\">\n\t\t\t<div class=\"vc_col-sm-12 wpb_column column_container vc_column_container col child_column no-extra-padding inherit_tablet inherit_phone\"\n            data-padding-pos=\"all\">\n\t\t\t\t<div class=\"vc_column-inner\">\n\t\t\t\t\t<div class=\"wpb_wrapper\">\n\t\t\t\t\t\t<p><label> <span class=\"wpcf7-form-control-wrap\" data-name=\"messaggio\"><textarea cols=\"40\" rows=\"10\" maxlength=\"2000\" class=\"wpcf7-form-control wpcf7-textarea wpcf7-validates-as-required\" aria-required=\"true\" aria-invalid=\"false\" placeholder=\"Mensaje *\" name=\"messaggio\"><\/textarea><\/span> <\/label>\n\t\t\t\t\t\t<\/p>\n\t\t\t\t\t\t<div class=\"privacy\">\n\t\t\t\t\t\t\t<p><span class=\"wpcf7-form-control-wrap\" data-name=\"acceptance-778\"><span class=\"wpcf7-form-control wpcf7-acceptance\"><span class=\"wpcf7-list-item\"><label><input type=\"checkbox\" name=\"acceptance-778\" value=\"1\" aria-invalid=\"false\" \/><span class=\"wpcf7-list-item-label\">He le\u00eddo y acepto la <a href=\"https:\/\/optimumsurfaces.com\/privacy-policy\/\" target=\"_blank\">pol\u00edtica de privacidad<\/a> (obligatorio)<\/span><\/label><\/span><\/span><\/span>\n\t\t\t\t\t\t\t<\/p>\n\t\t\t\t\t\t<\/div>\n\t\t\t\t\t\t<div style=\"font-size:small; padding-bottom:10px\">\n\t\t\t\t\t\t\t<p style=\"text-align:left; font-size: small; padding-bottom:30px\">Este sitio est\u00e1 protegido por reCAPTCHA y se aplican la <a href=\"https:\/\/policies.google.com\/privacy\" rel=\"nofollow\" target=\"_blank\">Pol\u00edtica de privacidad<\/a> y los <a href=\"https:\/\/policies.google.com\/terms\" rel=\"nofollow\" target=\"_blank\">T\u00e9rminos de servicio<\/a> de Google.\n\t\t\t\t\t\t\t<\/p>\n\t\t\t\t\t\t<\/div>\n\t\t\t\t\t\t<p><input type=\"hidden\" name=\"mc4wp-subscribe\" value=\"1\" \/><br \/>\n<input name=\"_mc4wp_lists[]\" type=\"hidden\" value=\"f7c4fe861c\" \/><br \/>\n<input name=\"mailchimp-tags\" type=\"hidden\" value=\"Import da sito web, Spagnolo\" \/><br \/>\n\t\t\t\t\t\t<input class=\"wpcf7-form-control wpcf7-hidden\" value=\"\" type=\"hidden\" name=\"utm_source\" \/><br \/>\n\t\t\t\t\t\t<input class=\"wpcf7-form-control wpcf7-hidden\" value=\"\" type=\"hidden\" name=\"utm_medium\" \/><br \/>\n\t\t\t\t\t\t<input class=\"wpcf7-form-control wpcf7-hidden\" value=\"\" type=\"hidden\" name=\"utm_campaign\" \/>\n\t\t\t\t\t\t<\/p>\n\t\t\t\t\t\t<p><input class=\"wpcf7-form-control wpcf7-submit has-spinner\" id=\"invia\" type=\"submit\" value=\"Enviar mensaje\" \/>\n\t\t\t\t\t\t<\/p>\n\t\t\t\t\t<\/div>\n\t\t\t\t<\/div>\n\t\t\t<\/div>\n\t\t<\/div>\n\t<\/div>\n<\/div><input type='hidden' class='wpcf7-pum' value='{\"closepopup\":false,\"closedelay\":0,\"openpopup\":false,\"openpopup_id\":0}' \/><div class=\"wpcf7-response-output\" aria-hidden=\"true\"><\/div>\n<\/form>\n<\/div>\n[divider line_type=&#8221;No Line&#8221; custom_height=&#8221;120&#8243; custom_height_phone=&#8221;80&#8243;][\/vc_column][\/vc_row]\n","protected":false},"excerpt":{"rendered":"<p>[vc_row type=&#8221;in_container&#8221; full_screen_row_position=&#8221;middle&#8221; column_margin=&#8221;default&#8221; column_direction=&#8221;default&#8221; column_direction_tablet=&#8221;default&#8221; column_direction_phone=&#8221;default&#8221; scene_position=&#8221;center&#8221; text_color=&#8221;dark&#8221; text_align=&#8221;left&#8221; row_border_radius=&#8221;none&#8221; row_border_radius_applies=&#8221;bg&#8221; overflow=&#8221;visible&#8221; overlay_strength=&#8221;0.3&#8243; gradient_direction=&#8221;left_to_right&#8221; shape_divider_position=&#8221;bottom&#8221; bg_image_animation=&#8221;none&#8221;][vc_column column_padding=&#8221;no-extra-padding&#8221; column_padding_tablet=&#8221;inherit&#8221; column_padding_phone=&#8221;inherit&#8221; column_padding_position=&#8221;all&#8221; column_element_direction_desktop=&#8221;default&#8221; column_element_spacing=&#8221;default&#8221; desktop_text_alignment=&#8221;default&#8221; tablet_text_alignment=&#8221;default&#8221; phone_text_alignment=&#8221;default&#8221; background_color_opacity=&#8221;1&#8243; background_hover_color_opacity=&#8221;1&#8243; column_backdrop_filter=&#8221;none&#8221; column_shadow=&#8221;none&#8221;&#8230;<\/p>\n","protected":false},"author":3,"featured_media":9616,"comment_status":"closed","ping_status":"closed","sticky":false,"template":"","format":"standard","meta":{"inline_featured_image":false,"footnotes":""},"categories":[137],"tags":[],"class_list":["post-9615","post","type-post","status-publish","format-standard","has-post-thumbnail","category-eventos"],"yoast_head":"\n<title>Optimum presenta The Crystals en Salone del Mobile 2026<\/title>\n<meta name=\"description\" content=\"The Crystals es la c\u00e1psula inspirada en el cristal, nacida de este sutil equilibrio y capaz de traducirlo en una presencia luminosa y arquitect\u00f3nica\" \/>\n<meta name=\"robots\" content=\"index, follow, max-snippet:-1, max-image-preview:large, max-video-preview:-1\" \/>\n<link rel=\"canonical\" href=\"https:\/\/optimumsurfaces.com\/es\/optimum-presenta-the-crystals-en-salone-del-mobile-2026\/\" \/>\n<meta property=\"og:locale\" content=\"es_ES\" \/>\n<meta property=\"og:type\" content=\"article\" \/>\n<meta property=\"og:title\" content=\"Optimum presenta The Crystals en Salone del Mobile 2026\" \/>\n<meta property=\"og:description\" content=\"The Crystals es la c\u00e1psula inspirada en el cristal, nacida de este sutil equilibrio y capaz de traducirlo en una presencia luminosa y arquitect\u00f3nica\" \/>\n<meta property=\"og:url\" content=\"https:\/\/optimumsurfaces.com\/es\/optimum-presenta-the-crystals-en-salone-del-mobile-2026\/\" \/>\n<meta property=\"og:site_name\" content=\"Optimum \u2013 Quality on Top\" \/>\n<meta property=\"article:published_time\" content=\"2026-04-21T16:19:42+00:00\" \/>\n<meta property=\"article:modified_time\" content=\"2026-08-26T12:06:18+00:00\" \/>\n<meta property=\"og:image\" content=\"https:\/\/optimumsurfaces.com\/kubacmee\/2026\/04\/Optimum_Salone_hero.jpg\" \/>\n\t<meta property=\"og:image:width\" content=\"1920\" \/>\n\t<meta property=\"og:image:height\" content=\"1080\" \/>\n\t<meta property=\"og:image:type\" content=\"image\/jpeg\" \/>\n<meta name=\"author\" content=\"Giulia_Optimum\" \/>\n<meta name=\"twitter:card\" content=\"summary_large_image\" \/>\n<meta name=\"twitter:label1\" content=\"Escrito por\" \/>\n\t<meta name=\"twitter:data1\" content=\"Giulia_Optimum\" \/>\n\t<meta name=\"twitter:label2\" content=\"Tiempo de lectura\" \/>\n\t<meta name=\"twitter:data2\" content=\"4 minutos\" \/>\n<script type=\"application\/ld+json\" class=\"yoast-schema-graph\">{\"@context\":\"https:\\\/\\\/schema.org\",\"@graph\":[{\"@type\":\"Article\",\"@id\":\"https:\\\/\\\/optimumsurfaces.com\\\/es\\\/optimum-presenta-the-crystals-en-salone-del-mobile-2026\\\/#article\",\"isPartOf\":{\"@id\":\"https:\\\/\\\/optimumsurfaces.com\\\/es\\\/optimum-presenta-the-crystals-en-salone-del-mobile-2026\\\/\"},\"author\":{\"name\":\"Giulia_Optimum\",\"@id\":\"https:\\\/\\\/optimumsurfaces.com\\\/es\\\/#\\\/schema\\\/person\\\/678289f78bc95c73af9a2b7362067925\"},\"headline\":\"Optimum presenta The Crystals en Salone del Mobile 2026\",\"datePublished\":\"2026-04-21T16:19:42+00:00\",\"dateModified\":\"2026-08-26T12:06:18+00:00\",\"mainEntityOfPage\":{\"@id\":\"https:\\\/\\\/optimumsurfaces.com\\\/es\\\/optimum-presenta-the-crystals-en-salone-del-mobile-2026\\\/\"},\"wordCount\":1630,\"image\":{\"@id\":\"https:\\\/\\\/optimumsurfaces.com\\\/es\\\/optimum-presenta-the-crystals-en-salone-del-mobile-2026\\\/#primaryimage\"},\"thumbnailUrl\":\"https:\\\/\\\/optimumsurfaces.com\\\/wp-content\\\/uploads\\\/2026\\\/04\\\/Optimum_Salone_hero.jpg\",\"articleSection\":[\"Eventos\"],\"inLanguage\":\"es\"},{\"@type\":\"WebPage\",\"@id\":\"https:\\\/\\\/optimumsurfaces.com\\\/es\\\/optimum-presenta-the-crystals-en-salone-del-mobile-2026\\\/\",\"url\":\"https:\\\/\\\/optimumsurfaces.com\\\/es\\\/optimum-presenta-the-crystals-en-salone-del-mobile-2026\\\/\",\"name\":\"Optimum presenta The Crystals en Salone del Mobile 2026\",\"isPartOf\":{\"@id\":\"https:\\\/\\\/optimumsurfaces.com\\\/es\\\/#website\"},\"primaryImageOfPage\":{\"@id\":\"https:\\\/\\\/optimumsurfaces.com\\\/es\\\/optimum-presenta-the-crystals-en-salone-del-mobile-2026\\\/#primaryimage\"},\"image\":{\"@id\":\"https:\\\/\\\/optimumsurfaces.com\\\/es\\\/optimum-presenta-the-crystals-en-salone-del-mobile-2026\\\/#primaryimage\"},\"thumbnailUrl\":\"https:\\\/\\\/optimumsurfaces.com\\\/wp-content\\\/uploads\\\/2026\\\/04\\\/Optimum_Salone_hero.jpg\",\"datePublished\":\"2026-04-21T16:19:42+00:00\",\"dateModified\":\"2026-08-26T12:06:18+00:00\",\"author\":{\"@id\":\"https:\\\/\\\/optimumsurfaces.com\\\/es\\\/#\\\/schema\\\/person\\\/678289f78bc95c73af9a2b7362067925\"},\"description\":\"The Crystals es la c\u00e1psula inspirada en el cristal, nacida de este sutil equilibrio y capaz de traducirlo en una presencia luminosa y arquitect\u00f3nica\",\"breadcrumb\":{\"@id\":\"https:\\\/\\\/optimumsurfaces.com\\\/es\\\/optimum-presenta-the-crystals-en-salone-del-mobile-2026\\\/#breadcrumb\"},\"inLanguage\":\"es\",\"potentialAction\":[{\"@type\":\"ReadAction\",\"target\":[\"https:\\\/\\\/optimumsurfaces.com\\\/es\\\/optimum-presenta-the-crystals-en-salone-del-mobile-2026\\\/\"]}]},{\"@type\":\"ImageObject\",\"inLanguage\":\"es\",\"@id\":\"https:\\\/\\\/optimumsurfaces.com\\\/es\\\/optimum-presenta-the-crystals-en-salone-del-mobile-2026\\\/#primaryimage\",\"url\":\"https:\\\/\\\/optimumsurfaces.com\\\/wp-content\\\/uploads\\\/2026\\\/04\\\/Optimum_Salone_hero.jpg\",\"contentUrl\":\"https:\\\/\\\/optimumsurfaces.com\\\/wp-content\\\/uploads\\\/2026\\\/04\\\/Optimum_Salone_hero.jpg\",\"width\":1920,\"height\":1080},{\"@type\":\"BreadcrumbList\",\"@id\":\"https:\\\/\\\/optimumsurfaces.com\\\/es\\\/optimum-presenta-the-crystals-en-salone-del-mobile-2026\\\/#breadcrumb\",\"itemListElement\":[{\"@type\":\"ListItem\",\"position\":1,\"name\":\"Home\",\"item\":\"https:\\\/\\\/optimumsurfaces.com\\\/es\\\/\"},{\"@type\":\"ListItem\",\"position\":2,\"name\":\"Optimum presenta The Crystals en Salone del Mobile 2026\"}]},{\"@type\":\"WebSite\",\"@id\":\"https:\\\/\\\/optimumsurfaces.com\\\/es\\\/#website\",\"url\":\"https:\\\/\\\/optimumsurfaces.com\\\/es\\\/\",\"name\":\"Optimum \u2013 Quality on Top\",\"description\":\"Lastre ceramiche in formato unico per infinite soluzioni progettuali\",\"potentialAction\":[{\"@type\":\"SearchAction\",\"target\":{\"@type\":\"EntryPoint\",\"urlTemplate\":\"https:\\\/\\\/optimumsurfaces.com\\\/es\\\/?s={search_term_string}\"},\"query-input\":{\"@type\":\"PropertyValueSpecification\",\"valueRequired\":true,\"valueName\":\"search_term_string\"}}],\"inLanguage\":\"es\"},{\"@type\":\"Person\",\"@id\":\"https:\\\/\\\/optimumsurfaces.com\\\/es\\\/#\\\/schema\\\/person\\\/678289f78bc95c73af9a2b7362067925\",\"name\":\"Giulia_Optimum\",\"url\":\"https:\\\/\\\/optimumsurfaces.com\\\/es\\\/author\\\/giulia_optimum\\\/\"}]}<\/script>\n","yoast_head_json":{"title":"Optimum presenta The Crystals en Salone del Mobile 2026","description":"The Crystals es la c\u00e1psula inspirada en el cristal, nacida de este sutil equilibrio y capaz de traducirlo en una presencia luminosa y arquitect\u00f3nica","robots":{"index":"index","follow":"follow","max-snippet":"max-snippet:-1","max-image-preview":"max-image-preview:large","max-video-preview":"max-video-preview:-1"},"canonical":"https:\/\/optimumsurfaces.com\/es\/optimum-presenta-the-crystals-en-salone-del-mobile-2026\/","og_locale":"es_ES","og_type":"article","og_title":"Optimum presenta The Crystals en Salone del Mobile 2026","og_description":"The Crystals es la c\u00e1psula inspirada en el cristal, nacida de este sutil equilibrio y capaz de traducirlo en una presencia luminosa y arquitect\u00f3nica","og_url":"https:\/\/optimumsurfaces.com\/es\/optimum-presenta-the-crystals-en-salone-del-mobile-2026\/","og_site_name":"Optimum \u2013 Quality on Top","article_published_time":"2026-04-21T16:19:42+00:00","article_modified_time":"2026-08-26T12:06:18+00:00","og_image":[{"width":1920,"height":1080,"url":"https:\/\/optimumsurfaces.com\/kubacmee\/2026\/04\/Optimum_Salone_hero.jpg","type":"image\/jpeg"}],"author":"Giulia_Optimum","twitter_card":"summary_large_image","twitter_misc":{"Escrito por":"Giulia_Optimum","Tiempo de lectura":"4 minutos"},"schema":{"@context":"https:\/\/schema.org","@graph":[{"@type":"Article","@id":"https:\/\/optimumsurfaces.com\/es\/optimum-presenta-the-crystals-en-salone-del-mobile-2026\/#article","isPartOf":{"@id":"https:\/\/optimumsurfaces.com\/es\/optimum-presenta-the-crystals-en-salone-del-mobile-2026\/"},"author":{"name":"Giulia_Optimum","@id":"https:\/\/optimumsurfaces.com\/es\/#\/schema\/person\/678289f78bc95c73af9a2b7362067925"},"headline":"Optimum presenta The Crystals en Salone del Mobile 2026","datePublished":"2026-04-21T16:19:42+00:00","dateModified":"2026-08-26T12:06:18+00:00","mainEntityOfPage":{"@id":"https:\/\/optimumsurfaces.com\/es\/optimum-presenta-the-crystals-en-salone-del-mobile-2026\/"},"wordCount":1630,"image":{"@id":"https:\/\/optimumsurfaces.com\/es\/optimum-presenta-the-crystals-en-salone-del-mobile-2026\/#primaryimage"},"thumbnailUrl":"https:\/\/optimumsurfaces.com\/kubacmee\/2026\/04\/Optimum_Salone_hero.jpg","articleSection":["Eventos"],"inLanguage":"es"},{"@type":"WebPage","@id":"https:\/\/optimumsurfaces.com\/es\/optimum-presenta-the-crystals-en-salone-del-mobile-2026\/","url":"https:\/\/optimumsurfaces.com\/es\/optimum-presenta-the-crystals-en-salone-del-mobile-2026\/","name":"Optimum presenta The Crystals en Salone del Mobile 2026","isPartOf":{"@id":"https:\/\/optimumsurfaces.com\/es\/#website"},"primaryImageOfPage":{"@id":"https:\/\/optimumsurfaces.com\/es\/optimum-presenta-the-crystals-en-salone-del-mobile-2026\/#primaryimage"},"image":{"@id":"https:\/\/optimumsurfaces.com\/es\/optimum-presenta-the-crystals-en-salone-del-mobile-2026\/#primaryimage"},"thumbnailUrl":"https:\/\/optimumsurfaces.com\/kubacmee\/2026\/04\/Optimum_Salone_hero.jpg","datePublished":"2026-04-21T16:19:42+00:00","dateModified":"2026-08-26T12:06:18+00:00","author":{"@id":"https:\/\/optimumsurfaces.com\/es\/#\/schema\/person\/678289f78bc95c73af9a2b7362067925"},"description":"The Crystals es la c\u00e1psula inspirada en el cristal, nacida de este sutil equilibrio y capaz de traducirlo en una presencia luminosa y arquitect\u00f3nica","breadcrumb":{"@id":"https:\/\/optimumsurfaces.com\/es\/optimum-presenta-the-crystals-en-salone-del-mobile-2026\/#breadcrumb"},"inLanguage":"es","potentialAction":[{"@type":"ReadAction","target":["https:\/\/optimumsurfaces.com\/es\/optimum-presenta-the-crystals-en-salone-del-mobile-2026\/"]}]},{"@type":"ImageObject","inLanguage":"es","@id":"https:\/\/optimumsurfaces.com\/es\/optimum-presenta-the-crystals-en-salone-del-mobile-2026\/#primaryimage","url":"https:\/\/optimumsurfaces.com\/kubacmee\/2026\/04\/Optimum_Salone_hero.jpg","contentUrl":"https:\/\/optimumsurfaces.com\/kubacmee\/2026\/04\/Optimum_Salone_hero.jpg","width":1920,"height":1080},{"@type":"BreadcrumbList","@id":"https:\/\/optimumsurfaces.com\/es\/optimum-presenta-the-crystals-en-salone-del-mobile-2026\/#breadcrumb","itemListElement":[{"@type":"ListItem","position":1,"name":"Home","item":"https:\/\/optimumsurfaces.com\/es\/"},{"@type":"ListItem","position":2,"name":"Optimum presenta The Crystals en Salone del Mobile 2026"}]},{"@type":"WebSite","@id":"https:\/\/optimumsurfaces.com\/es\/#website","url":"https:\/\/optimumsurfaces.com\/es\/","name":"Optimum \u2013 Quality on Top","description":"Lastre ceramiche in formato unico per infinite soluzioni progettuali","potentialAction":[{"@type":"SearchAction","target":{"@type":"EntryPoint","urlTemplate":"https:\/\/optimumsurfaces.com\/es\/?s={search_term_string}"},"query-input":{"@type":"PropertyValueSpecification","valueRequired":true,"valueName":"search_term_string"}}],"inLanguage":"es"},{"@type":"Person","@id":"https:\/\/optimumsurfaces.com\/es\/#\/schema\/person\/678289f78bc95c73af9a2b7362067925","name":"Giulia_Optimum","url":"https:\/\/optimumsurfaces.com\/es\/author\/giulia_optimum\/"}]}},"_links":{"self":[{"href":"https:\/\/optimumsurfaces.com\/es\/wp-json\/wp\/v2\/posts\/9615","targetHints":{"allow":["GET"]}}],"collection":[{"href":"https:\/\/optimumsurfaces.com\/es\/wp-json\/wp\/v2\/posts"}],"about":[{"href":"https:\/\/optimumsurfaces.com\/es\/wp-json\/wp\/v2\/types\/post"}],"author":[{"embeddable":true,"href":"https:\/\/optimumsurfaces.com\/es\/wp-json\/wp\/v2\/users\/3"}],"replies":[{"embeddable":true,"href":"https:\/\/optimumsurfaces.com\/es\/wp-json\/wp\/v2\/comments?post=9615"}],"version-history":[{"count":4,"href":"https:\/\/optimumsurfaces.com\/es\/wp-json\/wp\/v2\/posts\/9615\/revisions"}],"predecessor-version":[{"id":10038,"href":"https:\/\/optimumsurfaces.com\/es\/wp-json\/wp\/v2\/posts\/9615\/revisions\/10038"}],"wp:featuredmedia":[{"embeddable":true,"href":"https:\/\/optimumsurfaces.com\/es\/wp-json\/wp\/v2\/media\/9616"}],"wp:attachment":[{"href":"https:\/\/optimumsurfaces.com\/es\/wp-json\/wp\/v2\/media?parent=9615"}],"wp:term":[{"taxonomy":"category","embeddable":true,"href":"https:\/\/optimumsurfaces.com\/es\/wp-json\/wp\/v2\/categories?post=9615"},{"taxonomy":"post_tag","embeddable":true,"href":"https:\/\/optimumsurfaces.com\/es\/wp-json\/wp\/v2\/tags?post=9615"}],"curies":[{"name":"wp","href":"https:\/\/api.w.org\/{rel}","templated":true}]}}